{"id":4532,"date":"2022-03-02T10:46:48","date_gmt":"2022-03-02T08:46:48","guid":{"rendered":"https:\/\/avp.ro\/?p=4532"},"modified":"2022-03-02T11:33:08","modified_gmt":"2022-03-02T09:33:08","slug":"anunt-suspendare-audiente","status":"publish","type":"post","link":"https:\/\/avp.ro\/index.php\/2022\/03\/02\/anunt-suspendare-audiente\/","title":{"rendered":"ANUN\u021a RELUARE AUDIEN\u021aE"},"content":{"rendered":"<p>&nbsp;<\/p>\n<p>&nbsp;<\/p>\n<p><span style=\"color: #ff0000;\"><strong>ANUN\u021a!<\/strong><\/span><\/p>\n<p><strong>\u00cencep\u00e2nd cu data de 1 martie 2022, institu\u0163ia Avocatul Poporului <u>va relua programul de audien\u021be la sediul central<\/u> din Str. George Vraca nr. 8, Sector 1, Bucure\u0219ti<\/strong>.<\/p>\n<p><strong><u>Pentru informa\u021bii privind programul de audien\u021be la<\/u><\/strong><u> <strong>sediile birourilor teritoriale, cet\u0103\u021benii sunt ruga\u021bi s\u0103 urm\u0103reasc\u0103 anun\u021burile din presa local\u0103<\/strong> <strong>\u0219i de la sediile birourilor teritoriale<\/strong><\/u>!<\/p>\n<p>&nbsp;<\/p>\n<p><strong>Programul de audien\u021be \u0219i dispecerat, la sediul central<\/strong>:<\/p>\n<p><strong>Luni \u0219i miercuri: 10-14<\/strong><\/p>\n<p><strong>Mar\u021bi \u0219i joi: 12-16<\/strong><\/p>\n<p>&nbsp;<\/p>\n<p><span style=\"color: #ff0000;\"><strong>REGULI IMPORTANTE IMPUSE DE SITUA\u021aIA PANDEMIEI DE COVID-19<\/strong>:<\/span><\/p>\n<p><span style=\"color: #ff0000;\"><strong>Pentru acces, persoanele care solicit\u0103 audien\u021b\u0103 trebuie s\u0103 respecte formalit\u0103\u021bile prev\u0103zute de: <\/strong><\/span><\/p>\n<p><span style=\"color: #ff0000;\"><strong>&#8211; Ordinul nr. 30\/2022 privind instituirea obligativit\u0103\u0163ii purt\u0103rii m\u0103\u015ftii de protec\u0163ie, a triajului epidemiologic \u015fi dezinfectarea obligatorie a m\u00e2inilor pentru prevenirea contamin\u0103rii cu virusul SARS-CoV-2 pe durata st\u0103rii de alert\u0103<\/strong><strong>: purtarea m\u0103\u0219tii de protec\u0163ie, triaj epidemiologic, dezinfectarea obligatorie a m\u00e2inilor.<\/strong><\/span><\/p>\n<p><span style=\"color: #ff0000;\"><strong>&#8211; Hot\u0103r\u00e2rea nr. 171\/2022 privind prelungirea st\u0103rii de alert\u0103 pe teritoriul Rom\u00e2niei \u00eencep\u00e2nd cu data de 7 februarie 2022, precum \u0219i stabilirea m\u0103surilor care se aplic\u0103 pe durata acesteia pentru prevenirea \u0219i combaterea efectelor pandemiei de COVID-19 &#8211; art. 11 alin. (4) din ANEXA nr. 3 &#8211; M\u0103suri pentru diminuarea impactului tipului de risc: <\/strong><\/span><\/p>\n<p><span style=\"color: #ff0000;\"><strong>(4) Accesul persoanelor, cu excep\u021bia angaja\u021bilor <em>(\u2026.)<\/em> \u00een incintele institu\u021biilor publice centrale \u0219i locale, regiilor autonome \u0219i operatoriilor economici cu capital public este permis doar celor care fac dovada vaccin\u0103rii \u00eempotriva virusului SARS-CoV-2 \u0219i pentru care au trecut 10 zile de la finalizarea schemei complete de vaccinare, care prezint\u0103 rezultatul negativ al unui test RT-PCR pentru infec\u021bia cu virusul SARS-CoV-2 nu mai vechi de 72 de ore sau rezultatul negativ certificat al unui test antigen rapid pentru infec\u021bia cu virusul SARS-CoV-2 nu mai vechi de 48 de ore, respectiv care se afl\u0103 \u00een perioada cuprins\u0103 \u00eentre a 15-a zi \u0219i a 180-a zi ulterioar\u0103 confirm\u0103rii infect\u0103rii cu virusul SARS-CoV-2.<\/strong><\/span><\/p>\n<p><span style=\"color: #ff0000;\"><strong>\u00cen cazul \u00een care persoanele refuz\u0103 respectarea m\u0103surilor prev\u0103zute de legisla\u021bia \u00een vigoare, nu vor avea acces \u00een sediul institu\u021biei Avocatul Poporului.<\/strong><\/span><\/p>\n<p>&nbsp;<\/p>\n<p><strong>\u00a0<\/strong><\/p>\n","protected":false},"excerpt":{"rendered":"<p>&nbsp; &nbsp; ANUN\u021a! \u00cencep\u00e2nd cu data de 1 martie 2022, institu\u0163ia Avocatul Poporului va relua programul de audien\u021be la sediul central din Str. George Vraca nr. 8, Sector 1, Bucure\u0219ti.&hellip; <\/p>\n","protected":false},"author":1,"featured_media":5554,"comment_status":"closed","ping_status":"open","sticky":false,"template":"","format":"standard","meta":{"footnotes":""},"categories":[54],"tags":[],"class_list":["post-4532","post","type-post","status-publish","format-standard","has-post-thumbnail","hentry","category-stiri"],"yoast_head":"<!-- This site is optimized with the Yoast SEO plugin v27.4 - https:\/\/yoast.com\/product\/yoast-seo-wordpress\/ -->\n<title>ANUN\u021a RELUARE AUDIEN\u021aE - Institu\u021bia Avocatul Poporului<\/title>\n<meta name=\"robots\" content=\"index, follow, max-snippet:-1, max-image-preview:large, max-video-preview:-1\" \/>\n<link rel=\"canonical\" href=\"https:\/\/avp.ro\/index.php\/2022\/03\/02\/anunt-suspendare-audiente\/\" \/>\n<meta property=\"og:locale\" content=\"en_US\" \/>\n<meta property=\"og:type\" content=\"article\" \/>\n<meta property=\"og:title\" content=\"ANUN\u021a RELUARE AUDIEN\u021aE - Institu\u021bia Avocatul Poporului\" \/>\n<meta property=\"og:description\" content=\"&nbsp; &nbsp; ANUN\u021a! \u00cencep\u00e2nd cu data de 1 martie 2022, institu\u0163ia Avocatul Poporului va relua programul de audien\u021be la sediul central din Str. George Vraca nr. 8, Sector 1, Bucure\u0219ti.&hellip;\" \/>\n<meta property=\"og:url\" content=\"https:\/\/avp.ro\/index.php\/2022\/03\/02\/anunt-suspendare-audiente\/\" \/>\n<meta property=\"og:site_name\" content=\"Institu\u021bia Avocatul Poporului\" \/>\n<meta property=\"article:published_time\" content=\"2022-03-02T08:46:48+00:00\" \/>\n<meta property=\"article:modified_time\" content=\"2022-03-02T09:33:08+00:00\" \/>\n<meta property=\"og:image\" content=\"https:\/\/avp.ro\/wp-content\/uploads\/2022\/03\/culoare_1-150x150-4.png\" \/>\n\t<meta property=\"og:image:width\" content=\"150\" \/>\n\t<meta property=\"og:image:height\" content=\"150\" \/>\n\t<meta property=\"og:image:type\" content=\"image\/png\" \/>\n<meta name=\"author\" content=\"admin\" \/>\n<meta name=\"twitter:card\" content=\"summary_large_image\" \/>\n<meta name=\"twitter:label1\" content=\"Written by\" \/>\n\t<meta name=\"twitter:data1\" content=\"admin\" \/>\n\t<meta name=\"twitter:label2\" content=\"Est. reading time\" \/>\n\t<meta name=\"twitter:data2\" content=\"2 minutes\" \/>\n<script type=\"application\/ld+json\" class=\"yoast-schema-graph\">{\"@context\":\"https:\\\/\\\/schema.org\",\"@graph\":[{\"@type\":\"Article\",\"@id\":\"https:\\\/\\\/avp.ro\\\/index.php\\\/2022\\\/03\\\/02\\\/anunt-suspendare-audiente\\\/#article\",\"isPartOf\":{\"@id\":\"https:\\\/\\\/avp.ro\\\/index.php\\\/2022\\\/03\\\/02\\\/anunt-suspendare-audiente\\\/\"},\"author\":{\"name\":\"admin\",\"@id\":\"https:\\\/\\\/avp.ro\\\/#\\\/schema\\\/person\\\/d3e70e2dec269ba2afcd111abd25c52b\"},\"headline\":\"ANUN\u021a RELUARE AUDIEN\u021aE\",\"datePublished\":\"2022-03-02T08:46:48+00:00\",\"dateModified\":\"2022-03-02T09:33:08+00:00\",\"mainEntityOfPage\":{\"@id\":\"https:\\\/\\\/avp.ro\\\/index.php\\\/2022\\\/03\\\/02\\\/anunt-suspendare-audiente\\\/\"},\"wordCount\":351,\"publisher\":{\"@id\":\"https:\\\/\\\/avp.ro\\\/#organization\"},\"image\":{\"@id\":\"https:\\\/\\\/avp.ro\\\/index.php\\\/2022\\\/03\\\/02\\\/anunt-suspendare-audiente\\\/#primaryimage\"},\"thumbnailUrl\":\"https:\\\/\\\/avp.ro\\\/wp-content\\\/uploads\\\/2022\\\/03\\\/culoare_1-150x150-4.png\",\"articleSection\":[\"\u0218tiri\"],\"inLanguage\":\"en-US\"},{\"@type\":\"WebPage\",\"@id\":\"https:\\\/\\\/avp.ro\\\/index.php\\\/2022\\\/03\\\/02\\\/anunt-suspendare-audiente\\\/\",\"url\":\"https:\\\/\\\/avp.ro\\\/index.php\\\/2022\\\/03\\\/02\\\/anunt-suspendare-audiente\\\/\",\"name\":\"ANUN\u021a RELUARE AUDIEN\u021aE - Institu\u021bia Avocatul Poporului\",\"isPartOf\":{\"@id\":\"https:\\\/\\\/avp.ro\\\/#website\"},\"primaryImageOfPage\":{\"@id\":\"https:\\\/\\\/avp.ro\\\/index.php\\\/2022\\\/03\\\/02\\\/anunt-suspendare-audiente\\\/#primaryimage\"},\"image\":{\"@id\":\"https:\\\/\\\/avp.ro\\\/index.php\\\/2022\\\/03\\\/02\\\/anunt-suspendare-audiente\\\/#primaryimage\"},\"thumbnailUrl\":\"https:\\\/\\\/avp.ro\\\/wp-content\\\/uploads\\\/2022\\\/03\\\/culoare_1-150x150-4.png\",\"datePublished\":\"2022-03-02T08:46:48+00:00\",\"dateModified\":\"2022-03-02T09:33:08+00:00\",\"breadcrumb\":{\"@id\":\"https:\\\/\\\/avp.ro\\\/index.php\\\/2022\\\/03\\\/02\\\/anunt-suspendare-audiente\\\/#breadcrumb\"},\"inLanguage\":\"en-US\",\"potentialAction\":[{\"@type\":\"ReadAction\",\"target\":[\"https:\\\/\\\/avp.ro\\\/index.php\\\/2022\\\/03\\\/02\\\/anunt-suspendare-audiente\\\/\"]}]},{\"@type\":\"ImageObject\",\"inLanguage\":\"en-US\",\"@id\":\"https:\\\/\\\/avp.ro\\\/index.php\\\/2022\\\/03\\\/02\\\/anunt-suspendare-audiente\\\/#primaryimage\",\"url\":\"https:\\\/\\\/avp.ro\\\/wp-content\\\/uploads\\\/2022\\\/03\\\/culoare_1-150x150-4.png\",\"contentUrl\":\"https:\\\/\\\/avp.ro\\\/wp-content\\\/uploads\\\/2022\\\/03\\\/culoare_1-150x150-4.png\",\"width\":150,\"height\":150},{\"@type\":\"BreadcrumbList\",\"@id\":\"https:\\\/\\\/avp.ro\\\/index.php\\\/2022\\\/03\\\/02\\\/anunt-suspendare-audiente\\\/#breadcrumb\",\"itemListElement\":[{\"@type\":\"ListItem\",\"position\":1,\"name\":\"Home\",\"item\":\"https:\\\/\\\/avp.ro\\\/\"},{\"@type\":\"ListItem\",\"position\":2,\"name\":\"ANUN\u021a RELUARE AUDIEN\u021aE\"}]},{\"@type\":\"WebSite\",\"@id\":\"https:\\\/\\\/avp.ro\\\/#website\",\"url\":\"https:\\\/\\\/avp.ro\\\/\",\"name\":\"Institu\u021bia Avocatul Poporului\",\"description\":\"People\u2019s Advocate institution - Office of the Ombudsman\",\"publisher\":{\"@id\":\"https:\\\/\\\/avp.ro\\\/#organization\"},\"potentialAction\":[{\"@type\":\"SearchAction\",\"target\":{\"@type\":\"EntryPoint\",\"urlTemplate\":\"https:\\\/\\\/avp.ro\\\/?s={search_term_string}\"},\"query-input\":{\"@type\":\"PropertyValueSpecification\",\"valueRequired\":true,\"valueName\":\"search_term_string\"}}],\"inLanguage\":\"en-US\"},{\"@type\":\"Organization\",\"@id\":\"https:\\\/\\\/avp.ro\\\/#organization\",\"name\":\"Institutia Avocatul Poporului\",\"url\":\"https:\\\/\\\/avp.ro\\\/\",\"logo\":{\"@type\":\"ImageObject\",\"inLanguage\":\"en-US\",\"@id\":\"https:\\\/\\\/avp.ro\\\/#\\\/schema\\\/logo\\\/image\\\/\",\"url\":\"https:\\\/\\\/avp.ro\\\/wp-content\\\/uploads\\\/2020\\\/09\\\/cropped-AP.jpg\",\"contentUrl\":\"https:\\\/\\\/avp.ro\\\/wp-content\\\/uploads\\\/2020\\\/09\\\/cropped-AP.jpg\",\"width\":160,\"height\":146,\"caption\":\"Institutia Avocatul Poporului\"},\"image\":{\"@id\":\"https:\\\/\\\/avp.ro\\\/#\\\/schema\\\/logo\\\/image\\\/\"}},{\"@type\":\"Person\",\"@id\":\"https:\\\/\\\/avp.ro\\\/#\\\/schema\\\/person\\\/d3e70e2dec269ba2afcd111abd25c52b\",\"name\":\"admin\",\"image\":{\"@type\":\"ImageObject\",\"inLanguage\":\"en-US\",\"@id\":\"https:\\\/\\\/secure.gravatar.com\\\/avatar\\\/35eca39dd2ea35f0c82217af15b94efd4546be35036bfcbcc1449edc62f723d6?s=96&d=blank&r=g\",\"url\":\"https:\\\/\\\/secure.gravatar.com\\\/avatar\\\/35eca39dd2ea35f0c82217af15b94efd4546be35036bfcbcc1449edc62f723d6?s=96&d=blank&r=g\",\"contentUrl\":\"https:\\\/\\\/secure.gravatar.com\\\/avatar\\\/35eca39dd2ea35f0c82217af15b94efd4546be35036bfcbcc1449edc62f723d6?s=96&d=blank&r=g\",\"caption\":\"admin\"},\"url\":false}]}<\/script>\n<!-- \/ Yoast SEO plugin. -->","yoast_head_json":{"title":"ANUN\u021a RELUARE AUDIEN\u021aE - Institu\u021bia Avocatul Poporului","robots":{"index":"index","follow":"follow","max-snippet":"max-snippet:-1","max-image-preview":"max-image-preview:large","max-video-preview":"max-video-preview:-1"},"canonical":"https:\/\/avp.ro\/index.php\/2022\/03\/02\/anunt-suspendare-audiente\/","og_locale":"en_US","og_type":"article","og_title":"ANUN\u021a RELUARE AUDIEN\u021aE - Institu\u021bia Avocatul Poporului","og_description":"&nbsp; &nbsp; ANUN\u021a! \u00cencep\u00e2nd cu data de 1 martie 2022, institu\u0163ia Avocatul Poporului va relua programul de audien\u021be la sediul central din Str. George Vraca nr. 8, Sector 1, Bucure\u0219ti.&hellip;","og_url":"https:\/\/avp.ro\/index.php\/2022\/03\/02\/anunt-suspendare-audiente\/","og_site_name":"Institu\u021bia Avocatul Poporului","article_published_time":"2022-03-02T08:46:48+00:00","article_modified_time":"2022-03-02T09:33:08+00:00","og_image":[{"width":150,"height":150,"url":"https:\/\/avp.ro\/wp-content\/uploads\/2022\/03\/culoare_1-150x150-4.png","type":"image\/png"}],"author":"admin","twitter_card":"summary_large_image","twitter_misc":{"Written by":"admin","Est. reading time":"2 minutes"},"schema":{"@context":"https:\/\/schema.org","@graph":[{"@type":"Article","@id":"https:\/\/avp.ro\/index.php\/2022\/03\/02\/anunt-suspendare-audiente\/#article","isPartOf":{"@id":"https:\/\/avp.ro\/index.php\/2022\/03\/02\/anunt-suspendare-audiente\/"},"author":{"name":"admin","@id":"https:\/\/avp.ro\/#\/schema\/person\/d3e70e2dec269ba2afcd111abd25c52b"},"headline":"ANUN\u021a RELUARE AUDIEN\u021aE","datePublished":"2022-03-02T08:46:48+00:00","dateModified":"2022-03-02T09:33:08+00:00","mainEntityOfPage":{"@id":"https:\/\/avp.ro\/index.php\/2022\/03\/02\/anunt-suspendare-audiente\/"},"wordCount":351,"publisher":{"@id":"https:\/\/avp.ro\/#organization"},"image":{"@id":"https:\/\/avp.ro\/index.php\/2022\/03\/02\/anunt-suspendare-audiente\/#primaryimage"},"thumbnailUrl":"https:\/\/avp.ro\/wp-content\/uploads\/2022\/03\/culoare_1-150x150-4.png","articleSection":["\u0218tiri"],"inLanguage":"en-US"},{"@type":"WebPage","@id":"https:\/\/avp.ro\/index.php\/2022\/03\/02\/anunt-suspendare-audiente\/","url":"https:\/\/avp.ro\/index.php\/2022\/03\/02\/anunt-suspendare-audiente\/","name":"ANUN\u021a RELUARE AUDIEN\u021aE - Institu\u021bia Avocatul Poporului","isPartOf":{"@id":"https:\/\/avp.ro\/#website"},"primaryImageOfPage":{"@id":"https:\/\/avp.ro\/index.php\/2022\/03\/02\/anunt-suspendare-audiente\/#primaryimage"},"image":{"@id":"https:\/\/avp.ro\/index.php\/2022\/03\/02\/anunt-suspendare-audiente\/#primaryimage"},"thumbnailUrl":"https:\/\/avp.ro\/wp-content\/uploads\/2022\/03\/culoare_1-150x150-4.png","datePublished":"2022-03-02T08:46:48+00:00","dateModified":"2022-03-02T09:33:08+00:00","breadcrumb":{"@id":"https:\/\/avp.ro\/index.php\/2022\/03\/02\/anunt-suspendare-audiente\/#breadcrumb"},"inLanguage":"en-US","potentialAction":[{"@type":"ReadAction","target":["https:\/\/avp.ro\/index.php\/2022\/03\/02\/anunt-suspendare-audiente\/"]}]},{"@type":"ImageObject","inLanguage":"en-US","@id":"https:\/\/avp.ro\/index.php\/2022\/03\/02\/anunt-suspendare-audiente\/#primaryimage","url":"https:\/\/avp.ro\/wp-content\/uploads\/2022\/03\/culoare_1-150x150-4.png","contentUrl":"https:\/\/avp.ro\/wp-content\/uploads\/2022\/03\/culoare_1-150x150-4.png","width":150,"height":150},{"@type":"BreadcrumbList","@id":"https:\/\/avp.ro\/index.php\/2022\/03\/02\/anunt-suspendare-audiente\/#breadcrumb","itemListElement":[{"@type":"ListItem","position":1,"name":"Home","item":"https:\/\/avp.ro\/"},{"@type":"ListItem","position":2,"name":"ANUN\u021a RELUARE AUDIEN\u021aE"}]},{"@type":"WebSite","@id":"https:\/\/avp.ro\/#website","url":"https:\/\/avp.ro\/","name":"Institu\u021bia Avocatul Poporului","description":"People\u2019s Advocate institution - Office of the Ombudsman","publisher":{"@id":"https:\/\/avp.ro\/#organization"},"potentialAction":[{"@type":"SearchAction","target":{"@type":"EntryPoint","urlTemplate":"https:\/\/avp.ro\/?s={search_term_string}"},"query-input":{"@type":"PropertyValueSpecification","valueRequired":true,"valueName":"search_term_string"}}],"inLanguage":"en-US"},{"@type":"Organization","@id":"https:\/\/avp.ro\/#organization","name":"Institutia Avocatul Poporului","url":"https:\/\/avp.ro\/","logo":{"@type":"ImageObject","inLanguage":"en-US","@id":"https:\/\/avp.ro\/#\/schema\/logo\/image\/","url":"https:\/\/avp.ro\/wp-content\/uploads\/2020\/09\/cropped-AP.jpg","contentUrl":"https:\/\/avp.ro\/wp-content\/uploads\/2020\/09\/cropped-AP.jpg","width":160,"height":146,"caption":"Institutia Avocatul Poporului"},"image":{"@id":"https:\/\/avp.ro\/#\/schema\/logo\/image\/"}},{"@type":"Person","@id":"https:\/\/avp.ro\/#\/schema\/person\/d3e70e2dec269ba2afcd111abd25c52b","name":"admin","image":{"@type":"ImageObject","inLanguage":"en-US","@id":"https:\/\/secure.gravatar.com\/avatar\/35eca39dd2ea35f0c82217af15b94efd4546be35036bfcbcc1449edc62f723d6?s=96&d=blank&r=g","url":"https:\/\/secure.gravatar.com\/avatar\/35eca39dd2ea35f0c82217af15b94efd4546be35036bfcbcc1449edc62f723d6?s=96&d=blank&r=g","contentUrl":"https:\/\/secure.gravatar.com\/avatar\/35eca39dd2ea35f0c82217af15b94efd4546be35036bfcbcc1449edc62f723d6?s=96&d=blank&r=g","caption":"admin"},"url":false}]}},"_links":{"self":[{"href":"https:\/\/avp.ro\/index.php\/wp-json\/wp\/v2\/posts\/4532","targetHints":{"allow":["GET"]}}],"collection":[{"href":"https:\/\/avp.ro\/index.php\/wp-json\/wp\/v2\/posts"}],"about":[{"href":"https:\/\/avp.ro\/index.php\/wp-json\/wp\/v2\/types\/post"}],"author":[{"embeddable":true,"href":"https:\/\/avp.ro\/index.php\/wp-json\/wp\/v2\/users\/1"}],"replies":[{"embeddable":true,"href":"https:\/\/avp.ro\/index.php\/wp-json\/wp\/v2\/comments?post=4532"}],"version-history":[{"count":10,"href":"https:\/\/avp.ro\/index.php\/wp-json\/wp\/v2\/posts\/4532\/revisions"}],"predecessor-version":[{"id":5548,"href":"https:\/\/avp.ro\/index.php\/wp-json\/wp\/v2\/posts\/4532\/revisions\/5548"}],"wp:featuredmedia":[{"embeddable":true,"href":"https:\/\/avp.ro\/index.php\/wp-json\/wp\/v2\/media\/5554"}],"wp:attachment":[{"href":"https:\/\/avp.ro\/index.php\/wp-json\/wp\/v2\/media?parent=4532"}],"wp:term":[{"taxonomy":"category","embeddable":true,"href":"https:\/\/avp.ro\/index.php\/wp-json\/wp\/v2\/categories?post=4532"},{"taxonomy":"post_tag","embeddable":true,"href":"https:\/\/avp.ro\/index.php\/wp-json\/wp\/v2\/tags?post=4532"}],"curies":[{"name":"wp","href":"https:\/\/api.w.org\/{rel}","templated":true}]}}